{"id":703,"date":"2021-07-06T10:17:08","date_gmt":"2021-07-06T09:17:08","guid":{"rendered":"http:\/\/13.38.28.60\/?p=703"},"modified":"2022-12-07T17:44:08","modified_gmt":"2022-12-07T15:44:08","slug":"val-de-marne-pourquoi-certaines-villes-ont-perdu-leur-competence-durbanisme","status":"publish","type":"post","link":"https:\/\/www.cityandyou.com\/blog\/2021\/07\/06\/val-de-marne-pourquoi-certaines-villes-ont-perdu-leur-competence-durbanisme","title":{"rendered":"Val-de-Marne : pourquoi certaines villes ont perdu leur comp\u00e9tence d&rsquo;urbanisme ?"},"content":{"rendered":"\n<p><em>Accorder un permis de construire, c\u2019est une comp\u00e9tence qui revient au maire de chaque commune. Cette comp\u00e9tence peut, exceptionnellement, \u00eatre retir\u00e9e par les pr\u00e9fets. C\u2019est le cas dans le Val-de-Marne. <strong>Mais pourquoi cette exception concerne-t-elle d\u00e9sormais plusieurs communes du d\u00e9partement dont les villes de Saint-Maur-des-Foss\u00e9s, Ormesson-sur-Marne, Saint-Mand\u00e9 et Le Perreux-sur-Marne&nbsp;?<\/strong> Nous vous expliquons cette d\u00e9cision.<\/em><\/p>\n\n\n<div class=\"cta-wrapper\">\n    <a class=\"cta-custom\" href=\"\/simulation-projet\">Simulez votre projet<\/a>\n<\/div>\n\n\n\n<p><\/p>\n\n\n\n<h2 class=\"wp-block-heading\">Le logement social au c\u0153ur d\u2019une bataille<\/h2>\n\n\n\n<p>Le pr\u00e9fet du Val-de-Marne, Raymond Le Deun, avait pr\u00e9venu. \u00c0 la rentr\u00e9e 2020, il avait \u00e9voqu\u00e9 la possibilit\u00e9 de priver certaines communes du contr\u00f4le des permis de construire. En cause : leur non-respect des obligations en mati\u00e8re de logement social. Apr\u00e8s les sommations, l\u2019action. Le pr\u00e9fet a en effet appliqu\u00e9 cette sanction aux communes en dessous du quota de 25% de <a href=\"http:\/\/13.38.28.60\/2022\/01\/12\/obligation-construction-des-logements-sociaux-promoteurs-immobiliers\">logements sociaux<\/a>.<\/p>\n\n\n\n<p>Cette d\u00e9cision faisait \u00e9cho aux d\u00e9clarations de la ministre d\u00e9l\u00e9gu\u00e9e au logement, Emmanuelle Wargon faites en d\u00e9cembre 2020. Elle affichait alors clairement sa d\u00e9termination face aux municipalit\u00e9s qui ne s\u2019engageaient pas suffisamment pour la construction de <a href=\"http:\/\/13.38.28.60\/2021\/03\/24\/quelles-sont-les-differentes-categories-de-logements-sociaux\">logements sociaux<\/a>. Elle citait notamment les villes de Toulon, Cannes, Royan ou encore M\u00e9zieux, et prenait comme exemple la ville de Saint-Maur-des-Foss\u00e9s. Sylvain Berrios (LR), maire de Saint-Maur-des-Foss\u00e9s, avait r\u00e9agi dans la foul\u00e9e. \u00ab&nbsp;<em>\u00c0 entendre la ministre, il y a d\u2019un c\u00f4t\u00e9 les gentils maires qui font du logement social, et de l\u2019autre les m\u00e9chants qui n\u2019en font pas. C\u2019est faux. La preuve : des maires \u00e9cologistes nouvellement \u00e9lus refusent de b\u00e9toniser, consid\u00e9rant que la m\u00e9tropolisation \u00e0 marche forc\u00e9e voulue par le gouvernement n\u2019est ni le sens de l\u2019histoire ni la le\u00e7on \u00e0 retenir des confinements successifs<\/em>&nbsp;<sup><em><strong>1<\/strong><\/em><\/sup>\u00bb.<\/p>\n\n\n\n<p>Autre argument  : l\u2019empilement et l\u2019entassement. Ces derniers vont en effet \u00e0 l\u2019encontre de la recherche d\u2019espace et de verdure, aspirations toujours plus fortes des Fran\u00e7ais.<\/p>\n\n\n\n<h2 class=\"wp-block-heading\">Des actions concr\u00e8tes, mais insuffisantes&nbsp;?<\/h2>\n\n\n\n<p><strong>Le retrait de cette comp\u00e9tence d\u2019urbanisme cl\u00e9 que constitue la d\u00e9livrance des <\/strong><a href=\"http:\/\/13.38.28.60\/2020\/11\/16\/le-permis-de-construire-du-promoteur-immobilier\"><strong>permis de construire<\/strong><\/a><strong> sonne comme un choc pour les diff\u00e9rents \u00e9diles concern\u00e9s<\/strong>. Entre surprise et col\u00e8re, leurs r\u00e9actions sont marqu\u00e9es. C\u2019est le cas, comme nous venons de le voir, pour Saint-Maur-des-Foss\u00e9s. D\u2019autant que la ville a valid\u00e9 un contrat de mixit\u00e9 sociale en 2017 visant \u00e0 d\u00e9velopper sa d\u00e9mographie jusqu\u2019\u00e0 83&nbsp;000 habitants, en faisant passer de 9 \u00e0 12 % la part des logements sociaux d\u2019ici 2022. Un taux certes plus faible que les 25 % pr\u00e9vus par la loi, mais entra\u00eenant le paiement d\u2019une taxe SRU (solidarit\u00e9 et renouvellement urbain), et salu\u00e9 \u00e0 l\u2019\u00e9poque par la pr\u00e9fecture comme \u00ab&nbsp;raisonnable&nbsp;\u00bb.<\/p>\n\n\n\n<p>M\u00eame constat pour la maire LR du Perreux-sur-Marne, Chrystel Royer : \u00ab <em>Nous avons d\u00e9montr\u00e9 qu\u2019une autre m\u00e9thode \u00e9tait possible, car le taux de logements sociaux a toujours \u00e9t\u00e9 en augmentation passant de 9,77% en 2015, \u00e0 10,46% en 2017 pour atteindre enfin 12,28% aujourd\u2019hui<\/em>&nbsp;\u00bb. <strong>Les communes concern\u00e9es mettent en avant l\u2019\u00e9volution favorable de la part de logements sociaux dans leur mix de logements<\/strong>. A Ormesson-sur-Marne, Marie-Christine S\u00e9gui (LR) ne veut pas se lancer dans une \u00ab&nbsp;<em>b\u00e9tonisation \u00e0 marche forc\u00e9e de la ville<\/em>&nbsp;\u00bb, d\u2019autant que le projet d\u2019urbanisme a d\u00e9j\u00e0 fait l\u2019objet d\u2019une validation par la pr\u00e9fecture.<\/p>\n\n\n\n<p>En plus du retrait du permis de construire, les villes concern\u00e9es doivent \u00e9galement faire face \u00e0 des amendes pour non-respect de ce quota de logements sociaux. <strong>Saint-Maur-des-Foss\u00e9s r\u00e8gle notamment un peu plus de 6 millions d\u2019euros par an en p\u00e9nalit\u00e9s, avec une amende major\u00e9e.<\/strong><\/p>\n\n\n\n<p>Actuellement, ce sont neuf villes du <a href=\"https:\/\/www.cityandyou.com\/estimation-immobiliere\/ile-de-france\/val-de-marne\">Val-de-Marne<\/a> qui ont fait l\u2019objet d\u2019un constat de carence en logements sociaux. Ce constat entra\u00eene donc la <strong>perte de d\u00e9livrance des permis de conduire, le paiement d\u2019amendes, mais aussi la possibilit\u00e9 pour l\u2019\u00c9tat de pr\u00e9empter des biens mis en vente pour cr\u00e9er des logements sociaux<\/strong>. Cette derni\u00e8re solution vient justement d\u2019\u00eatre utilis\u00e9e \u00e0 Saint-Maur-des-Foss\u00e9s. La pr\u00e9fecture du Val-de-Marne y a pr\u00e9empt\u00e9 un pavillon de l\u2019avenue de Cond\u00e9 pour construire 36 logements.<\/p>\n\n\n\n<p><strong>Chez City&amp;You nous accompagnons les propri\u00e9taires souhaitant vendre leur bien ou le terrain \u00e0 des promoteurs immobiliers. Les contextes locaux sont sensibles pour la r\u00e9ussite du d\u00e9veloppement de projet immobilier. <\/strong>Aussi, n&rsquo;h\u00e9sitez pas \u00e0 contacter notre \u00e9quipe d&rsquo;expert pour vous conseiller et vous accompagner dans ces d\u00e9marches complexes !<\/p>\n\n\n\n<p><sup><em>1<\/em><\/sup> <em>Site de la ville de Saint-Maur-des-Foss\u00e9s<\/em> :<em><a href=\"https:\/\/www.saint-maur.com\/actualites\/actualite\/logement-social-e-wargon-veut-une-metropolisation-a-marche-forcee-et-veut-regler-des-comptes-personnels-a-saint-maur-2734\"><strong> lien ici<\/strong><\/a><\/em><\/p>\n","protected":false},"excerpt":{"rendered":"<p>Accorder un permis de construire, c\u2019est une comp\u00e9tence qui revient au maire de chaque commune. Cette comp\u00e9tence peut, exceptionnellement, \u00eatre&#8230;<\/p>\n","protected":false},"author":6,"featured_media":705,"comment_status":"open","ping_status":"open","sticky":false,"template":"","format":"standard","meta":{"footnotes":""},"categories":[2],"tags":[],"class_list":["post-703","post","type-post","status-publish","format-standard","has-post-thumbnail","hentry","category-immobilier"],"yoast_head":"<!-- This site is optimized with the Yoast SEO plugin v26.5 - https:\/\/yoast.com\/wordpress\/plugins\/seo\/ -->\n<title>Val-de-Marne : probl\u00e8me sur l\u2019urbanisme - City&amp;You<\/title>\n<meta name=\"description\" content=\"Le pr\u00e9fet du Val-de-Marne reprend la main sur les permis de construire dans plusieurs ville. Pourquoi ? Voici des \u00e9l\u00e9ments de r\u00e9ponse !\" \/>\n<meta name=\"robots\" content=\"index, follow, max-snippet:-1, max-image-preview:large, max-video-preview:-1\" \/>\n<link rel=\"canonical\" href=\"https:\/\/www.cityandyou.com\/blog\/2021\/07\/06\/val-de-marne-pourquoi-certaines-villes-ont-perdu-leur-competence-durbanisme\" \/>\n<meta property=\"og:locale\" content=\"fr_FR\" \/>\n<meta property=\"og:type\" content=\"article\" \/>\n<meta property=\"og:title\" content=\"Val-de-Marne : probl\u00e8me sur l\u2019urbanisme - City&amp;You\" \/>\n<meta property=\"og:description\" content=\"Le pr\u00e9fet du Val-de-Marne reprend la main sur les permis de construire dans plusieurs ville. Pourquoi ? Voici des \u00e9l\u00e9ments de r\u00e9ponse !\" \/>\n<meta property=\"og:url\" content=\"https:\/\/www.cityandyou.com\/blog\/2021\/07\/06\/val-de-marne-pourquoi-certaines-villes-ont-perdu-leur-competence-durbanisme\" \/>\n<meta property=\"og:site_name\" content=\"City&amp;You - Guide de l&#039;immobilier\" \/>\n<meta property=\"article:publisher\" content=\"https:\/\/www.facebook.com\/CityYou-621825118249875\/\" \/>\n<meta property=\"article:published_time\" content=\"2021-07-06T09:17:08+00:00\" \/>\n<meta property=\"article:modified_time\" content=\"2022-12-07T15:44:08+00:00\" \/>\n<meta property=\"og:image\" content=\"https:\/\/www.cityandyou.com\/blog\/wp-content\/uploads\/2021\/07\/Permis-de-construire-Prefecture.png\" \/>\n\t<meta property=\"og:image:width\" content=\"845\" \/>\n\t<meta property=\"og:image:height\" content=\"435\" \/>\n\t<meta property=\"og:image:type\" content=\"image\/png\" \/>\n<meta name=\"author\" content=\"Vincent Tanguy\" \/>\n<meta name=\"twitter:card\" content=\"summary_large_image\" \/>\n<meta name=\"twitter:label1\" content=\"\u00c9crit par\" \/>\n\t<meta name=\"twitter:data1\" content=\"Vincent Tanguy\" \/>\n\t<meta name=\"twitter:label2\" content=\"Dur\u00e9e de lecture estim\u00e9e\" \/>\n\t<meta name=\"twitter:data2\" content=\"4 minutes\" \/>\n<!-- \/ Yoast SEO plugin. -->","yoast_head_json":{"title":"Val-de-Marne : probl\u00e8me sur l\u2019urbanisme - City&You","description":"Le pr\u00e9fet du Val-de-Marne reprend la main sur les permis de construire dans plusieurs ville. Pourquoi ? Voici des \u00e9l\u00e9ments de r\u00e9ponse !","robots":{"index":"index","follow":"follow","max-snippet":"max-snippet:-1","max-image-preview":"max-image-preview:large","max-video-preview":"max-video-preview:-1"},"canonical":"https:\/\/www.cityandyou.com\/blog\/2021\/07\/06\/val-de-marne-pourquoi-certaines-villes-ont-perdu-leur-competence-durbanisme","og_locale":"fr_FR","og_type":"article","og_title":"Val-de-Marne : probl\u00e8me sur l\u2019urbanisme - City&You","og_description":"Le pr\u00e9fet du Val-de-Marne reprend la main sur les permis de construire dans plusieurs ville. Pourquoi ? Voici des \u00e9l\u00e9ments de r\u00e9ponse !","og_url":"https:\/\/www.cityandyou.com\/blog\/2021\/07\/06\/val-de-marne-pourquoi-certaines-villes-ont-perdu-leur-competence-durbanisme","og_site_name":"City&amp;You - Guide de l&#039;immobilier","article_publisher":"https:\/\/www.facebook.com\/CityYou-621825118249875\/","article_published_time":"2021-07-06T09:17:08+00:00","article_modified_time":"2022-12-07T15:44:08+00:00","og_image":[{"width":845,"height":435,"url":"https:\/\/www.cityandyou.com\/blog\/wp-content\/uploads\/2021\/07\/Permis-de-construire-Prefecture.png","type":"image\/png"}],"author":"Vincent Tanguy","twitter_card":"summary_large_image","twitter_misc":{"\u00c9crit par":"Vincent Tanguy","Dur\u00e9e de lecture estim\u00e9e":"4 minutes"},"schema":{"@context":"https:\/\/schema.org","@graph":[{"@type":"Article","@id":"https:\/\/www.cityandyou.com\/blog\/2021\/07\/06\/val-de-marne-pourquoi-certaines-villes-ont-perdu-leur-competence-durbanisme#article","isPartOf":{"@id":"https:\/\/www.cityandyou.com\/blog\/2021\/07\/06\/val-de-marne-pourquoi-certaines-villes-ont-perdu-leur-competence-durbanisme"},"author":{"name":"Vincent Tanguy","@id":"https:\/\/www.cityandyou.com\/blog\/#\/schema\/person\/b1d3d435a4714014f7320ca6be60d823"},"headline":"Val-de-Marne : pourquoi certaines villes ont perdu leur comp\u00e9tence d&rsquo;urbanisme ?","datePublished":"2021-07-06T09:17:08+00:00","dateModified":"2022-12-07T15:44:08+00:00","mainEntityOfPage":{"@id":"https:\/\/www.cityandyou.com\/blog\/2021\/07\/06\/val-de-marne-pourquoi-certaines-villes-ont-perdu-leur-competence-durbanisme"},"wordCount":779,"commentCount":0,"publisher":{"@id":"https:\/\/www.cityandyou.com\/blog\/#organization"},"image":{"@id":"https:\/\/www.cityandyou.com\/blog\/2021\/07\/06\/val-de-marne-pourquoi-certaines-villes-ont-perdu-leur-competence-durbanisme#primaryimage"},"thumbnailUrl":"https:\/\/www.cityandyou.com\/blog\/wp-content\/uploads\/2021\/07\/Permis-de-construire-Prefecture.png","articleSection":["Immobilier"],"inLanguage":"fr-FR","potentialAction":[{"@type":"CommentAction","name":"Comment","target":["https:\/\/www.cityandyou.com\/blog\/2021\/07\/06\/val-de-marne-pourquoi-certaines-villes-ont-perdu-leur-competence-durbanisme#respond"]}]},{"@type":"WebPage","@id":"https:\/\/www.cityandyou.com\/blog\/2021\/07\/06\/val-de-marne-pourquoi-certaines-villes-ont-perdu-leur-competence-durbanisme","url":"https:\/\/www.cityandyou.com\/blog\/2021\/07\/06\/val-de-marne-pourquoi-certaines-villes-ont-perdu-leur-competence-durbanisme","name":"Val-de-Marne : probl\u00e8me sur l\u2019urbanisme - City&You","isPartOf":{"@id":"https:\/\/www.cityandyou.com\/blog\/#website"},"primaryImageOfPage":{"@id":"https:\/\/www.cityandyou.com\/blog\/2021\/07\/06\/val-de-marne-pourquoi-certaines-villes-ont-perdu-leur-competence-durbanisme#primaryimage"},"image":{"@id":"https:\/\/www.cityandyou.com\/blog\/2021\/07\/06\/val-de-marne-pourquoi-certaines-villes-ont-perdu-leur-competence-durbanisme#primaryimage"},"thumbnailUrl":"https:\/\/www.cityandyou.com\/blog\/wp-content\/uploads\/2021\/07\/Permis-de-construire-Prefecture.png","datePublished":"2021-07-06T09:17:08+00:00","dateModified":"2022-12-07T15:44:08+00:00","description":"Le pr\u00e9fet du Val-de-Marne reprend la main sur les permis de construire dans plusieurs ville. Pourquoi ? Voici des \u00e9l\u00e9ments de r\u00e9ponse !","breadcrumb":{"@id":"https:\/\/www.cityandyou.com\/blog\/2021\/07\/06\/val-de-marne-pourquoi-certaines-villes-ont-perdu-leur-competence-durbanisme#breadcrumb"},"inLanguage":"fr-FR","potentialAction":[{"@type":"ReadAction","target":["https:\/\/www.cityandyou.com\/blog\/2021\/07\/06\/val-de-marne-pourquoi-certaines-villes-ont-perdu-leur-competence-durbanisme"]}]},{"@type":"ImageObject","inLanguage":"fr-FR","@id":"https:\/\/www.cityandyou.com\/blog\/2021\/07\/06\/val-de-marne-pourquoi-certaines-villes-ont-perdu-leur-competence-durbanisme#primaryimage","url":"https:\/\/www.cityandyou.com\/blog\/wp-content\/uploads\/2021\/07\/Permis-de-construire-Prefecture.png","contentUrl":"https:\/\/www.cityandyou.com\/blog\/wp-content\/uploads\/2021\/07\/Permis-de-construire-Prefecture.png","width":845,"height":435,"caption":"Comp\u00e9tence urbanisme"},{"@type":"BreadcrumbList","@id":"https:\/\/www.cityandyou.com\/blog\/2021\/07\/06\/val-de-marne-pourquoi-certaines-villes-ont-perdu-leur-competence-durbanisme#breadcrumb","itemListElement":[{"@type":"ListItem","position":1,"name":"Accueil","item":"https:\/\/www.cityandyou.com\/blog"},{"@type":"ListItem","position":2,"name":"Val-de-Marne : pourquoi certaines villes ont perdu leur comp\u00e9tence d&rsquo;urbanisme ?"}]},{"@type":"WebSite","@id":"https:\/\/www.cityandyou.com\/blog\/#website","url":"https:\/\/www.cityandyou.com\/blog\/","name":"City&amp;You - Guide de l&#039;immobilier","description":"Le Guide de l&#039;immobilier","publisher":{"@id":"https:\/\/www.cityandyou.com\/blog\/#organization"},"potentialAction":[{"@type":"SearchAction","target":{"@type":"EntryPoint","urlTemplate":"https:\/\/www.cityandyou.com\/blog\/?s={search_term_string}"},"query-input":{"@type":"PropertyValueSpecification","valueRequired":true,"valueName":"search_term_string"}}],"inLanguage":"fr-FR"},{"@type":"Organization","@id":"https:\/\/www.cityandyou.com\/blog\/#organization","name":"City&amp;You - Guide de l&#039;immobilier","url":"https:\/\/www.cityandyou.com\/blog\/","logo":{"@type":"ImageObject","inLanguage":"fr-FR","@id":"https:\/\/www.cityandyou.com\/blog\/#\/schema\/logo\/image\/","url":"https:\/\/www.cityandyou.com\/blog\/wp-content\/uploads\/2019\/02\/cropped-Illustration-92@3x.png","contentUrl":"https:\/\/www.cityandyou.com\/blog\/wp-content\/uploads\/2019\/02\/cropped-Illustration-92@3x.png","width":134,"height":100,"caption":"City&amp;You - Guide de l&#039;immobilier"},"image":{"@id":"https:\/\/www.cityandyou.com\/blog\/#\/schema\/logo\/image\/"},"sameAs":["https:\/\/www.facebook.com\/CityYou-621825118249875\/","https:\/\/www.linkedin.com\/company\/cityandyou\/about\/"]},{"@type":"Person","@id":"https:\/\/www.cityandyou.com\/blog\/#\/schema\/person\/b1d3d435a4714014f7320ca6be60d823","name":"Vincent Tanguy","image":{"@type":"ImageObject","inLanguage":"fr-FR","@id":"https:\/\/www.cityandyou.com\/blog\/#\/schema\/person\/image\/","url":"https:\/\/secure.gravatar.com\/avatar\/4af58edb3a7e536360a819155b0c5536ea8b70a6babff92913e04cbcfc3524c4?s=96&d=mm&r=g","contentUrl":"https:\/\/secure.gravatar.com\/avatar\/4af58edb3a7e536360a819155b0c5536ea8b70a6babff92913e04cbcfc3524c4?s=96&d=mm&r=g","caption":"Vincent Tanguy"},"url":"https:\/\/www.cityandyou.com\/blog\/author\/vincent-tanguy"}]}},"jetpack_featured_media_url":"https:\/\/www.cityandyou.com\/blog\/wp-content\/uploads\/2021\/07\/Permis-de-construire-Prefecture.png","_links":{"self":[{"href":"https:\/\/www.cityandyou.com\/blog\/wp-json\/wp\/v2\/posts\/703","targetHints":{"allow":["GET"]}}],"collection":[{"href":"https:\/\/www.cityandyou.com\/blog\/wp-json\/wp\/v2\/posts"}],"about":[{"href":"https:\/\/www.cityandyou.com\/blog\/wp-json\/wp\/v2\/types\/post"}],"author":[{"embeddable":true,"href":"https:\/\/www.cityandyou.com\/blog\/wp-json\/wp\/v2\/users\/6"}],"replies":[{"embeddable":true,"href":"https:\/\/www.cityandyou.com\/blog\/wp-json\/wp\/v2\/comments?post=703"}],"version-history":[{"count":5,"href":"https:\/\/www.cityandyou.com\/blog\/wp-json\/wp\/v2\/posts\/703\/revisions"}],"predecessor-version":[{"id":1403,"href":"https:\/\/www.cityandyou.com\/blog\/wp-json\/wp\/v2\/posts\/703\/revisions\/1403"}],"wp:featuredmedia":[{"embeddable":true,"href":"https:\/\/www.cityandyou.com\/blog\/wp-json\/wp\/v2\/media\/705"}],"wp:attachment":[{"href":"https:\/\/www.cityandyou.com\/blog\/wp-json\/wp\/v2\/media?parent=703"}],"wp:term":[{"taxonomy":"category","embeddable":true,"href":"https:\/\/www.cityandyou.com\/blog\/wp-json\/wp\/v2\/categories?post=703"},{"taxonomy":"post_tag","embeddable":true,"href":"https:\/\/www.cityandyou.com\/blog\/wp-json\/wp\/v2\/tags?post=703"}],"curies":[{"name":"wp","href":"https:\/\/api.w.org\/{rel}","templated":true}]}}