{"id":775,"date":"2022-01-12T17:04:14","date_gmt":"2022-01-12T16:04:14","guid":{"rendered":"http:\/\/13.38.28.60\/?p=775"},"modified":"2023-10-23T14:54:40","modified_gmt":"2023-10-23T12:54:40","slug":"obligation-construction-des-logements-sociaux-promoteurs-immobiliers","status":"publish","type":"post","link":"https:\/\/www.cityandyou.com\/blog\/2022\/01\/12\/obligation-construction-des-logements-sociaux-promoteurs-immobiliers","title":{"rendered":"Les promoteurs immobiliers sont-ils oblig\u00e9s de construire des logements sociaux ?"},"content":{"rendered":"\n<p><em>Lorsqu\u2019il souhaite r\u00e9aliser un projet de construction immobili\u00e8re, un promoteur a-t-il l&rsquo;obligation de construire des <a href=\"http:\/\/13.38.28.60\/2021\/03\/24\/quelles-sont-les-differentes-categories-de-logements-sociaux\">logements sociaux<\/a> ? Pas toujours. Un cadre l\u00e9gal oblige les promoteurs immobiliers \u00e0 int\u00e9grer des logements sociaux dans leurs projets, mais selon certaines r\u00e8gles. Les voici expliqu\u00e9es.<\/em><\/p>\n\n\n<div class=\"cta-wrapper\">\n    <a class=\"cta-custom\" href=\"\/simulation-projet\">Simulez votre projet<\/a>\n<\/div>\n\n\n\n<p><\/p>\n\n\n\n<h2 class=\"wp-block-heading\">La loi SRU et la collaboration entre promotion immobili\u00e8re et logement social<\/h2>\n\n\n\n<p>Historiquement, on distinguait la <a href=\"https:\/\/www.cityandyou.com\/promotion-immobiliere\">promotion immobili\u00e8re<\/a> du secteur priv\u00e9 et la construction de logements sociaux avec les habitations \u00e0 loyer mod\u00e9r\u00e9 (HLM). Plusieurs raisons pouvaient expliquer cette s\u00e9paration. Le mode de financement &#8211; et les int\u00e9r\u00eats divergents &#8211; ne permettait pas de faire co\u00efncider les deux. Mais, depuis 2000, la loi relative \u00e0 la solidarit\u00e9 et au renouvellement urbains (SRU) est venue chambouler le secteur.<\/p>\n\n\n\n<p><strong>La<a href=\"https:\/\/www.cohesion-territoires.gouv.fr\/loi-solidarite-et-renouvellement-urbain-sru\"> loi SRU<\/a> impose aux communes de plus de 3500 habitants<\/strong> (1500 en \u00cele-de-France) <strong>de disposer d&rsquo;ici \u00e0 2025 de 20 % de logements sociaux<\/strong>. Ce taux a m\u00eame atteint 25 % en 2014, sauf pour des communes justifiant d&rsquo;une situation locale particuli\u00e8re. Cette obligation nouvelle s\u2019est accompagn\u00e9e d\u2019une possibilit\u00e9 : celle pour les bailleurs sociaux de pouvoir acheter en VEFA. Une ouverture qui \u00e9tait indispensable pour pouvoir tenir les objectifs nouveaux.<\/p>\n\n\n\n<p>De leur c\u00f4t\u00e9, les <a href=\"https:\/\/www.cityandyou.com\/promotion-immobiliere\/promoteur-immobilier\">promoteurs immobiliers<\/a> peuvent commercialiser jusqu\u2019\u00e0 50 % d\u2019une op\u00e9ration directement aupr\u00e8s des bailleurs sociaux. Les deux univers ont donc les conditions r\u00e9unies pour se rencontrer et travailler ensemble.<\/p>\n\n\n\n<p><strong>A savoir&nbsp;: <\/strong><em>en cas de non-respect des obligations en mati\u00e8re de logements sociaux, les communes s\u2019exposent \u00e0 des sanctions. Si elles ne respectent pas le quota , et ne m\u00e8nent aucun effort pour rattraper progressivement le retard, un recours ultime existe. Le pr\u00e9fet peut se substituer au maire et d\u00e9livrer un permis de construire pour valoriser les logements sociaux. Un cas constat\u00e9 r\u00e9cemment dans le <a href=\"http:\/\/13.38.28.60\/2021\/07\/06\/val-de-marne-pourquoi-certaines-villes-ont-perdu-leur-competence-durbanisme\">Val-de-Marne, o\u00f9 certaines villes ont perdu leur comp\u00e9tence d\u2019urbanisme<\/a>.<\/em><\/p>\n\n\n\n<h2 class=\"wp-block-heading\">Pourquoi le logement social est int\u00e9ressant dans un projet de promotion immobili\u00e8re&nbsp;?<\/h2>\n\n\n\n<p>Proposer des logements sociaux dans un projet de promotion immobili\u00e8re apporte une s\u00e9curit\u00e9. En effet, le promoteur, r\u00e9serve une partie des lots d\u00e8s le montage du projet \u00e0 des acteurs sociaux. <strong>Cela permet de vendre en bloc un ensemble d\u2019appartements (dans le cas de la construction d\u2019un immeuble.<\/strong> Partant, <strong>cela s\u00e9curise le dossier pour mieux solliciter un financement bancaire.<\/strong><\/p>\n\n\n\n<p>Autre atout pour le promoteur immobilier, le fait de r\u00e9server \u00e0 des bailleurs sociaux un certain nombre de lots peut acc\u00e9l\u00e9rer la commercialisation et r\u00e9duire les efforts n\u00e9cessaires pour financer le programme de promotion. Cela permet \u00e9galement de r\u00e9duire la publicit\u00e9 visant \u00e0 promouvoir le projet.<\/p>\n\n\n\n<p><strong>A savoir&nbsp;:<\/strong> <em>l\u2019activit\u00e9 des promoteurs immobiliers au service du logement social a<\/em> <em>\u00e9volu\u00e9 de 1 % en 2007 \u00e0 40 % de la production des logements priv\u00e9s en 2016.<\/em><\/p>\n\n\n\n<h2 class=\"wp-block-heading\">Logements sociaux et promotion immobili\u00e8re, une union convaincante<\/h2>\n\n\n\n<p>Le syst\u00e8me de collaboration pens\u00e9 par la loi SRU, puis s\u00e9curis\u00e9 et d\u00e9velopp\u00e9 par la loi de mobilisation pour le logement et la lutte contre l\u2019exclusion (2009) apporte des r\u00e9sultats concrets. \u00ab\u00a0<em>Sans \u00eatre parfait, il a apport\u00e9 des solutions et, gr\u00e2ce aux exigences et \u00e0 la t\u00e9nacit\u00e9 de bailleurs et d\u2019\u00e9lus, r\u00e9ussi \u00e0 implanter des logements sociaux l\u00e0 o\u00f9 les conditions \u00e9conomiques ne l\u2019auraient pas permis, o\u00f9 des voisins ne l\u2019auraient pas tol\u00e9r\u00e9<\/em>\u00a0\u00bb expliquait Catherine Sabbah dans un article d\u00e9di\u00e9 \u00e0 la question, relay\u00e9 par Habitat &amp; humanisme<a href=\"#_edn1\">[i]<\/a>. \u00ab\u00a0<em>Qui aurait pari\u00e9, il y a quinze ans, sur la construction de HLM dans le 16<sup>e<\/sup> arrondissement <a href=\"http:\/\/13.38.28.60\/2023\/10\/25\/tout-sur-le-plu-bioclimatique-de-paris\">parisien<\/a>, au c\u0153ur de Lille, en plein centre de Lyon, dans des op\u00e9rations de r\u00e9novations luxueuses ?<\/em>\u00a0\u00bb.<\/p>\n\n\n\n<p>On trouve aujourd\u2019hui des projets port\u00e9s par des promoteurs immobiliers qui associent des constructions \u00ab&nbsp;classiques&nbsp;\u00bb vendues \u00e0 des particuliers et des ensembles destin\u00e9s aux bailleurs sociaux avec des services additionnels. Pr\u00e9sence d\u2019une boulangerie, d\u2019une cr\u00e8che, d\u2019une salle de sport\u2026 on retrouve aussi des projets architecturaux ambitieux et r\u00e9solument modernes, des choix de mat\u00e9riaux ambitieux et la volont\u00e9 de ne rien laisser transpara\u00eetre sur le statut des occupants. <strong>D\u2019ailleurs, les performances techniques et \u00e9nerg\u00e9tiques des immeubles sont identiques, logement social ou non.<\/strong><\/p>\n\n\n\n<p><strong>Vous \u00eates en n\u00e9gociation avec un promoteur immobilier et vous avez besoin de r\u00e9ponse sur la valeur de votre terrain ? <\/strong>City&amp;You accompagne les propri\u00e9taires pour les apporter toute l&rsquo;expertise dont ils ont besoin pour mener une bonne n\u00e9gociation financi\u00e8re et juridique. <strong>N&rsquo;h\u00e9sitez pas \u00e0 contacter nos experts !<\/strong><\/p>\n\n\n\n<hr class=\"wp-block-separator has-css-opacity\"\/>\n\n\n\n<p><a href=\"#_ednref1\">[i]<\/a> https:\/\/www.habitat-humanisme.org\/wp-content\/uploads\/2020\/10\/117-comment-les-promoteurs-ont-dcouvert-le-logement-social.pdf<\/p>\n","protected":false},"excerpt":{"rendered":"<p>Lorsqu\u2019il souhaite r\u00e9aliser un projet de construction immobili\u00e8re, un promoteur a-t-il l&rsquo;obligation de construire des logements sociaux ? Pas toujours&#8230;.<\/p>\n","protected":false},"author":6,"featured_media":776,"comment_status":"open","ping_status":"open","sticky":false,"template":"","format":"standard","meta":{"footnotes":""},"categories":[2],"tags":[],"class_list":["post-775","post","type-post","status-publish","format-standard","has-post-thumbnail","hentry","category-immobilier"],"yoast_head":"<!-- This site is optimized with the Yoast SEO plugin v26.5 - https:\/\/yoast.com\/wordpress\/plugins\/seo\/ -->\n<title>Obligation de construire des logements sociaux : voici les r\u00e8gles<\/title>\n<meta name=\"description\" content=\"Pour favoriser la mixit\u00e9 et la cr\u00e9ation de logements, les promoteurs immobiliers ont l&#039;obligation de construire des logements sociaux.\" \/>\n<meta name=\"robots\" content=\"index, follow, max-snippet:-1, max-image-preview:large, max-video-preview:-1\" \/>\n<link rel=\"canonical\" href=\"https:\/\/www.cityandyou.com\/blog\/2022\/01\/12\/obligation-construction-des-logements-sociaux-promoteurs-immobiliers\" \/>\n<meta property=\"og:locale\" content=\"fr_FR\" \/>\n<meta property=\"og:type\" content=\"article\" \/>\n<meta property=\"og:title\" content=\"Obligation de construire des logements sociaux : voici les r\u00e8gles\" \/>\n<meta property=\"og:description\" content=\"Pour favoriser la mixit\u00e9 et la cr\u00e9ation de logements, les promoteurs immobiliers ont l&#039;obligation de construire des logements sociaux.\" \/>\n<meta property=\"og:url\" content=\"https:\/\/www.cityandyou.com\/blog\/2022\/01\/12\/obligation-construction-des-logements-sociaux-promoteurs-immobiliers\" \/>\n<meta property=\"og:site_name\" content=\"City&amp;You - Guide de l&#039;immobilier\" \/>\n<meta property=\"article:publisher\" content=\"https:\/\/www.facebook.com\/CityYou-621825118249875\/\" \/>\n<meta property=\"article:published_time\" content=\"2022-01-12T16:04:14+00:00\" \/>\n<meta property=\"article:modified_time\" content=\"2023-10-23T12:54:40+00:00\" \/>\n<meta property=\"og:image\" content=\"https:\/\/www.cityandyou.com\/blog\/wp-content\/uploads\/2022\/01\/Logement-social-obligation.jpg\" \/>\n\t<meta property=\"og:image:width\" content=\"1600\" \/>\n\t<meta property=\"og:image:height\" content=\"1067\" \/>\n\t<meta property=\"og:image:type\" content=\"image\/jpeg\" \/>\n<meta name=\"author\" content=\"Vincent Tanguy\" \/>\n<meta name=\"twitter:card\" content=\"summary_large_image\" \/>\n<meta name=\"twitter:label1\" content=\"\u00c9crit par\" \/>\n\t<meta name=\"twitter:data1\" content=\"Vincent Tanguy\" \/>\n\t<meta name=\"twitter:label2\" content=\"Dur\u00e9e de lecture estim\u00e9e\" \/>\n\t<meta name=\"twitter:data2\" content=\"4 minutes\" \/>\n<!-- \/ Yoast SEO plugin. -->","yoast_head_json":{"title":"Obligation de construire des logements sociaux : voici les r\u00e8gles","description":"Pour favoriser la mixit\u00e9 et la cr\u00e9ation de logements, les promoteurs immobiliers ont l'obligation de construire des logements sociaux.","robots":{"index":"index","follow":"follow","max-snippet":"max-snippet:-1","max-image-preview":"max-image-preview:large","max-video-preview":"max-video-preview:-1"},"canonical":"https:\/\/www.cityandyou.com\/blog\/2022\/01\/12\/obligation-construction-des-logements-sociaux-promoteurs-immobiliers","og_locale":"fr_FR","og_type":"article","og_title":"Obligation de construire des logements sociaux : voici les r\u00e8gles","og_description":"Pour favoriser la mixit\u00e9 et la cr\u00e9ation de logements, les promoteurs immobiliers ont l'obligation de construire des logements sociaux.","og_url":"https:\/\/www.cityandyou.com\/blog\/2022\/01\/12\/obligation-construction-des-logements-sociaux-promoteurs-immobiliers","og_site_name":"City&amp;You - Guide de l&#039;immobilier","article_publisher":"https:\/\/www.facebook.com\/CityYou-621825118249875\/","article_published_time":"2022-01-12T16:04:14+00:00","article_modified_time":"2023-10-23T12:54:40+00:00","og_image":[{"width":1600,"height":1067,"url":"https:\/\/www.cityandyou.com\/blog\/wp-content\/uploads\/2022\/01\/Logement-social-obligation.jpg","type":"image\/jpeg"}],"author":"Vincent Tanguy","twitter_card":"summary_large_image","twitter_misc":{"\u00c9crit par":"Vincent Tanguy","Dur\u00e9e de lecture estim\u00e9e":"4 minutes"},"schema":{"@context":"https:\/\/schema.org","@graph":[{"@type":"Article","@id":"https:\/\/www.cityandyou.com\/blog\/2022\/01\/12\/obligation-construction-des-logements-sociaux-promoteurs-immobiliers#article","isPartOf":{"@id":"https:\/\/www.cityandyou.com\/blog\/2022\/01\/12\/obligation-construction-des-logements-sociaux-promoteurs-immobiliers"},"author":{"name":"Vincent Tanguy","@id":"https:\/\/www.cityandyou.com\/blog\/#\/schema\/person\/b1d3d435a4714014f7320ca6be60d823"},"headline":"Les promoteurs immobiliers sont-ils oblig\u00e9s de construire des logements sociaux ?","datePublished":"2022-01-12T16:04:14+00:00","dateModified":"2023-10-23T12:54:40+00:00","mainEntityOfPage":{"@id":"https:\/\/www.cityandyou.com\/blog\/2022\/01\/12\/obligation-construction-des-logements-sociaux-promoteurs-immobiliers"},"wordCount":783,"commentCount":2,"publisher":{"@id":"https:\/\/www.cityandyou.com\/blog\/#organization"},"image":{"@id":"https:\/\/www.cityandyou.com\/blog\/2022\/01\/12\/obligation-construction-des-logements-sociaux-promoteurs-immobiliers#primaryimage"},"thumbnailUrl":"https:\/\/www.cityandyou.com\/blog\/wp-content\/uploads\/2022\/01\/Logement-social-obligation.jpg","articleSection":["Immobilier"],"inLanguage":"fr-FR","potentialAction":[{"@type":"CommentAction","name":"Comment","target":["https:\/\/www.cityandyou.com\/blog\/2022\/01\/12\/obligation-construction-des-logements-sociaux-promoteurs-immobiliers#respond"]}]},{"@type":"WebPage","@id":"https:\/\/www.cityandyou.com\/blog\/2022\/01\/12\/obligation-construction-des-logements-sociaux-promoteurs-immobiliers","url":"https:\/\/www.cityandyou.com\/blog\/2022\/01\/12\/obligation-construction-des-logements-sociaux-promoteurs-immobiliers","name":"Obligation de construire des logements sociaux : voici les r\u00e8gles","isPartOf":{"@id":"https:\/\/www.cityandyou.com\/blog\/#website"},"primaryImageOfPage":{"@id":"https:\/\/www.cityandyou.com\/blog\/2022\/01\/12\/obligation-construction-des-logements-sociaux-promoteurs-immobiliers#primaryimage"},"image":{"@id":"https:\/\/www.cityandyou.com\/blog\/2022\/01\/12\/obligation-construction-des-logements-sociaux-promoteurs-immobiliers#primaryimage"},"thumbnailUrl":"https:\/\/www.cityandyou.com\/blog\/wp-content\/uploads\/2022\/01\/Logement-social-obligation.jpg","datePublished":"2022-01-12T16:04:14+00:00","dateModified":"2023-10-23T12:54:40+00:00","description":"Pour favoriser la mixit\u00e9 et la cr\u00e9ation de logements, les promoteurs immobiliers ont l'obligation de construire des logements sociaux.","breadcrumb":{"@id":"https:\/\/www.cityandyou.com\/blog\/2022\/01\/12\/obligation-construction-des-logements-sociaux-promoteurs-immobiliers#breadcrumb"},"inLanguage":"fr-FR","potentialAction":[{"@type":"ReadAction","target":["https:\/\/www.cityandyou.com\/blog\/2022\/01\/12\/obligation-construction-des-logements-sociaux-promoteurs-immobiliers"]}]},{"@type":"ImageObject","inLanguage":"fr-FR","@id":"https:\/\/www.cityandyou.com\/blog\/2022\/01\/12\/obligation-construction-des-logements-sociaux-promoteurs-immobiliers#primaryimage","url":"https:\/\/www.cityandyou.com\/blog\/wp-content\/uploads\/2022\/01\/Logement-social-obligation.jpg","contentUrl":"https:\/\/www.cityandyou.com\/blog\/wp-content\/uploads\/2022\/01\/Logement-social-obligation.jpg","width":1600,"height":1067,"caption":"Promoteur logement social"},{"@type":"BreadcrumbList","@id":"https:\/\/www.cityandyou.com\/blog\/2022\/01\/12\/obligation-construction-des-logements-sociaux-promoteurs-immobiliers#breadcrumb","itemListElement":[{"@type":"ListItem","position":1,"name":"Accueil","item":"https:\/\/www.cityandyou.com\/blog"},{"@type":"ListItem","position":2,"name":"Les promoteurs immobiliers sont-ils oblig\u00e9s de construire des logements sociaux ?"}]},{"@type":"WebSite","@id":"https:\/\/www.cityandyou.com\/blog\/#website","url":"https:\/\/www.cityandyou.com\/blog\/","name":"City&amp;You - Guide de l&#039;immobilier","description":"Le Guide de l&#039;immobilier","publisher":{"@id":"https:\/\/www.cityandyou.com\/blog\/#organization"},"potentialAction":[{"@type":"SearchAction","target":{"@type":"EntryPoint","urlTemplate":"https:\/\/www.cityandyou.com\/blog\/?s={search_term_string}"},"query-input":{"@type":"PropertyValueSpecification","valueRequired":true,"valueName":"search_term_string"}}],"inLanguage":"fr-FR"},{"@type":"Organization","@id":"https:\/\/www.cityandyou.com\/blog\/#organization","name":"City&amp;You - Guide de l&#039;immobilier","url":"https:\/\/www.cityandyou.com\/blog\/","logo":{"@type":"ImageObject","inLanguage":"fr-FR","@id":"https:\/\/www.cityandyou.com\/blog\/#\/schema\/logo\/image\/","url":"https:\/\/www.cityandyou.com\/blog\/wp-content\/uploads\/2019\/02\/cropped-Illustration-92@3x.png","contentUrl":"https:\/\/www.cityandyou.com\/blog\/wp-content\/uploads\/2019\/02\/cropped-Illustration-92@3x.png","width":134,"height":100,"caption":"City&amp;You - Guide de l&#039;immobilier"},"image":{"@id":"https:\/\/www.cityandyou.com\/blog\/#\/schema\/logo\/image\/"},"sameAs":["https:\/\/www.facebook.com\/CityYou-621825118249875\/","https:\/\/www.linkedin.com\/company\/cityandyou\/about\/"]},{"@type":"Person","@id":"https:\/\/www.cityandyou.com\/blog\/#\/schema\/person\/b1d3d435a4714014f7320ca6be60d823","name":"Vincent Tanguy","image":{"@type":"ImageObject","inLanguage":"fr-FR","@id":"https:\/\/www.cityandyou.com\/blog\/#\/schema\/person\/image\/","url":"https:\/\/secure.gravatar.com\/avatar\/4af58edb3a7e536360a819155b0c5536ea8b70a6babff92913e04cbcfc3524c4?s=96&d=mm&r=g","contentUrl":"https:\/\/secure.gravatar.com\/avatar\/4af58edb3a7e536360a819155b0c5536ea8b70a6babff92913e04cbcfc3524c4?s=96&d=mm&r=g","caption":"Vincent Tanguy"},"url":"https:\/\/www.cityandyou.com\/blog\/author\/vincent-tanguy"}]}},"jetpack_featured_media_url":"https:\/\/www.cityandyou.com\/blog\/wp-content\/uploads\/2022\/01\/Logement-social-obligation.jpg","_links":{"self":[{"href":"https:\/\/www.cityandyou.com\/blog\/wp-json\/wp\/v2\/posts\/775","targetHints":{"allow":["GET"]}}],"collection":[{"href":"https:\/\/www.cityandyou.com\/blog\/wp-json\/wp\/v2\/posts"}],"about":[{"href":"https:\/\/www.cityandyou.com\/blog\/wp-json\/wp\/v2\/types\/post"}],"author":[{"embeddable":true,"href":"https:\/\/www.cityandyou.com\/blog\/wp-json\/wp\/v2\/users\/6"}],"replies":[{"embeddable":true,"href":"https:\/\/www.cityandyou.com\/blog\/wp-json\/wp\/v2\/comments?post=775"}],"version-history":[{"count":7,"href":"https:\/\/www.cityandyou.com\/blog\/wp-json\/wp\/v2\/posts\/775\/revisions"}],"predecessor-version":[{"id":1705,"href":"https:\/\/www.cityandyou.com\/blog\/wp-json\/wp\/v2\/posts\/775\/revisions\/1705"}],"wp:featuredmedia":[{"embeddable":true,"href":"https:\/\/www.cityandyou.com\/blog\/wp-json\/wp\/v2\/media\/776"}],"wp:attachment":[{"href":"https:\/\/www.cityandyou.com\/blog\/wp-json\/wp\/v2\/media?parent=775"}],"wp:term":[{"taxonomy":"category","embeddable":true,"href":"https:\/\/www.cityandyou.com\/blog\/wp-json\/wp\/v2\/categories?post=775"},{"taxonomy":"post_tag","embeddable":true,"href":"https:\/\/www.cityandyou.com\/blog\/wp-json\/wp\/v2\/tags?post=775"}],"curies":[{"name":"wp","href":"https:\/\/api.w.org\/{rel}","templated":true}]}}