{"id":824,"date":"2022-01-19T14:33:58","date_gmt":"2022-01-19T13:33:58","guid":{"rendered":"http:\/\/13.38.28.60\/?p=824"},"modified":"2023-09-15T17:03:24","modified_gmt":"2023-09-15T15:03:24","slug":"quest-ce-que-le-programme-action-coeur-de-ville","status":"publish","type":"post","link":"https:\/\/www.cityandyou.com\/blog\/2022\/01\/19\/quest-ce-que-le-programme-action-coeur-de-ville","title":{"rendered":"Qu&rsquo;est-ce que le programme \u00ab Action C\u0153ur de Ville \u00bb ?"},"content":{"rendered":"\n<p><em>Afin de soutenir l\u2019investissement immobilier et de d\u00e9velopper la qualit\u00e9 des logements partout en France, de nombreux programmes d\u2019incitation \u00e0 l\u2019achat ou de subventions aux travaux existent. <strong>Certains ciblent en particulier les centres-bourgs et autres petites villes ou villages, afin de leur redonner du dynamisme<\/strong>. Focalisons-nous aujourd\u2019hui sur le programme Action C\u0153ur de Ville, apparu en 2017.<\/em><\/p>\n\n\n<div class=\"cta-wrapper\">\n    <a class=\"cta-custom\" href=\"\/simulation-projet\">Simulez votre projet<\/a>\n<\/div>\n\n\n\n<p><\/p>\n\n\n\n<h2 class=\"wp-block-heading\">Le fonctionnement du programme Action C\u0153ur de Ville<\/h2>\n\n\n\n<p>Pour aider \u00e0 relancer l\u2019attractivit\u00e9 de certains centres-bourgs ou doper la qualit\u00e9 du b\u00e2ti dans des villes de taille moyenne, les programmes d\u2019incitation lanc\u00e9s par les gouvernements successifs ne manquent pas. On peut citer p\u00eale-m\u00eale l&rsquo;appel \u00e0 manifestation d&rsquo;int\u00e9r\u00eat (AMI) centres-bourgs, le programme national de requalification des quartiers anciens d\u00e9grad\u00e9s (PNRQAD), ou le plus m\u00e9diatique Action C\u0153ur de Ville.<\/p>\n\n\n\n<p>Ce dernier se base sur des subventions et des pr\u00eats accord\u00e9s avec des taux pr\u00e9f\u00e9rentiels pour inciter les investisseurs priv\u00e9s \u00e0 acqu\u00e9rir des biens propos\u00e9s ensuite sur le march\u00e9 locatif. <strong>On plafonne le financement au montant des travaux \u00e9ligibles (acquisitions et am\u00e9liorations d\u2019immeubles entiers, transformation logement, etc.) dans la limite de 1 000 \u20ac TTC par m\u00b2 de surface habitable<\/strong>.<\/p>\n\n\n\n<p>234 communes sont \u00e9ligibles \u00e0 ce dispositif et permettent aux propri\u00e9taires bailleurs d\u2019acc\u00e9der aux aides que nous venons de mentionner. Vous pouvez retrouver la <a href=\"https:\/\/www.data.gouv.fr\/fr\/datasets\/programme-action-coeur-de-ville\/\">liste des communes b\u00e9n\u00e9ficiaires<\/a> parmi les donn\u00e9es publi\u00e9es par data.gouv.fr.<\/p>\n\n\n\n<p>Action C\u0153ur de Ville est un programme \u00e0 destination des collectivit\u00e9s locales. Ce sont elles qui constituent ensuite l\u2019interlocuteur privil\u00e9gi\u00e9 pour les investisseurs priv\u00e9s qui d\u00e9sirent solliciter une aide financi\u00e8re.<\/p>\n\n\n\n<p>D&rsquo;une part, <strong>Action C\u0153ur de Ville constitue un dispositif qui apporte un effet de levier pour les investisseurs priv\u00e9s qui cherchent \u00e0 rentabiliser leur projet .<\/strong> D&rsquo;autre part, <strong>c&rsquo;est une aide pour ceux qui veulent r\u00e9habiliter des logements dans une ville qui leur tient \u00e0 c\u0153ur.<\/strong> On peut donc y voir un double int\u00e9r\u00eat, \u00e0 la fois financier et patrimonial.<\/p>\n\n\n\n<p>Coup double, ce dispositif peut se cumuler avec l\u2019accompagnement propos\u00e9 par Action Logement. Concr\u00e8tement, cet organisme peut pr\u00e9senter des candidats \u00e0 la location qui poss\u00e8dent la garantie de loyers et prise en charge des d\u00e9gradations locatives VISALE. En clair, pour les investisseurs immobiliers, cela s\u00e9curise le projet de bout en bout.<\/p>\n\n\n\n<h2 class=\"wp-block-heading\">Action C\u0153ur de Ville, un programme structurant pour les villes moyennes<\/h2>\n\n\n\n<p>En 2017, le plan Action C\u0153ur de Ville a \u00e9t\u00e9 lanc\u00e9 \u00e0 l\u2019origine pour une p\u00e9riode de cinq ans. Pour cette premi\u00e8re phase, un budget de 5 milliards d\u2019euros a \u00e9t\u00e9 mobilis\u00e9.<\/p>\n\n\n\n<p>Finalement, la prolongation a \u00e9t\u00e9 confirm\u00e9e jusqu\u2019en 2026. Logique, car l\u2019am\u00e9lioration des conditions de vie des habitants des villes moyennes et le d\u00e9veloppement de ces communes est plus que jamais capital. <strong>Alors que la <\/strong><a href=\"http:\/\/13.38.28.60\/2021\/04\/02\/impact-coronavirus-immobilier\"><strong>pand\u00e9mie de Covid-19<\/strong><\/a><strong> a radicalement transform\u00e9 notre rapport \u00e0 l\u2019immobilier,  ces villes interm\u00e9diaires, hier boud\u00e9es, ont retrouv\u00e9 une attractivit\u00e9 forte. De nombreux Fran\u00e7ais cherchent \u00e0 fuir les grandes villes, et un (relatif) exode urbain est \u00e0 noter<\/strong>. Aujourd\u2019hui, 23 % de la population fran\u00e7aise vit dans les villes moyennes, qui concentrent 26 % de l\u2019emploi. Des chiffres qui pourraient bien continuer de cro\u00eetre.<\/p>\n\n\n\n<p>\u00ab <em>Il existe dans notre pays un \u00e9lan puissant en direction des villes moyennes. Il nous appartient d\u00e9sormais de le conforter et de l\u2019amplifier au travers du programme Action c\u0153ur de ville<\/em> \u00bb confie ainsi Jacqueline Gourault, ministre de la Coh\u00e9sion des territoires et des Relations avec les collectivit\u00e9s territoriales.<\/p>\n\n\n\n<p>La valorisation du patrimoine et les travaux entrepris par les investisseurs priv\u00e9s doivent redynamiser  le centre des villes moyennes. Ils permettent aussi le d\u00e9veloppement d\u2019une offre nouvelle et attractive. <strong>Un effort qui a pour cons\u00e9quence une contribution concr\u00e8te au d\u00e9veloppement de l\u2019activit\u00e9 \u00e9conomique et de l\u2019attractivit\u00e9 des territoires.<\/strong><\/p>\n\n\n\n<p><strong>Vous avez des projets de valorisation de votre terrain ou de r\u00e9novation d&rsquo;un immeuble ? N&rsquo;h\u00e9sitez pas contacter les \u00e9quipes de City&amp;You. Nos experts sont l\u00e0 pour vous accompagner. <\/strong><\/p>\n","protected":false},"excerpt":{"rendered":"<p>Afin de soutenir l\u2019investissement immobilier et de d\u00e9velopper la qualit\u00e9 des logements partout en France, de nombreux programmes d\u2019incitation \u00e0&#8230;<\/p>\n","protected":false},"author":6,"featured_media":839,"comment_status":"open","ping_status":"open","sticky":false,"template":"","format":"standard","meta":{"footnotes":""},"categories":[2],"tags":[],"class_list":["post-824","post","type-post","status-publish","format-standard","has-post-thumbnail","hentry","category-immobilier"],"yoast_head":"<!-- This site is optimized with the Yoast SEO plugin v26.5 - https:\/\/yoast.com\/wordpress\/plugins\/seo\/ -->\n<title>Le programme Action C\u0153ur de Ville expliqu\u00e9 (enjeux, villes \u00e9ligibles)<\/title>\n<meta name=\"description\" content=\"Action C\u0153ur de Ville vise \u00e0 redynamiser le centre des villes moyennes et am\u00e9liorer les conditions de vie des habitants. Explications.\" \/>\n<meta name=\"robots\" content=\"index, follow, max-snippet:-1, max-image-preview:large, max-video-preview:-1\" \/>\n<link rel=\"canonical\" href=\"https:\/\/www.cityandyou.com\/blog\/2022\/01\/19\/quest-ce-que-le-programme-action-coeur-de-ville\" \/>\n<meta property=\"og:locale\" content=\"fr_FR\" \/>\n<meta property=\"og:type\" content=\"article\" \/>\n<meta property=\"og:title\" content=\"Le programme Action C\u0153ur de Ville expliqu\u00e9 (enjeux, villes \u00e9ligibles)\" \/>\n<meta property=\"og:description\" content=\"Action C\u0153ur de Ville vise \u00e0 redynamiser le centre des villes moyennes et am\u00e9liorer les conditions de vie des habitants. Explications.\" \/>\n<meta property=\"og:url\" content=\"https:\/\/www.cityandyou.com\/blog\/2022\/01\/19\/quest-ce-que-le-programme-action-coeur-de-ville\" \/>\n<meta property=\"og:site_name\" content=\"City&amp;You - Guide de l&#039;immobilier\" \/>\n<meta property=\"article:publisher\" content=\"https:\/\/www.facebook.com\/CityYou-621825118249875\/\" \/>\n<meta property=\"article:published_time\" content=\"2022-01-19T13:33:58+00:00\" \/>\n<meta property=\"article:modified_time\" content=\"2023-09-15T15:03:24+00:00\" \/>\n<meta property=\"og:image\" content=\"https:\/\/www.cityandyou.com\/blog\/wp-content\/uploads\/2022\/01\/Action-coeur-de-ville.jpg\" \/>\n\t<meta property=\"og:image:width\" content=\"1100\" \/>\n\t<meta property=\"og:image:height\" content=\"1070\" \/>\n\t<meta property=\"og:image:type\" content=\"image\/jpeg\" \/>\n<meta name=\"author\" content=\"Vincent Tanguy\" \/>\n<meta name=\"twitter:card\" content=\"summary_large_image\" \/>\n<meta name=\"twitter:label1\" content=\"\u00c9crit par\" \/>\n\t<meta name=\"twitter:data1\" content=\"Vincent Tanguy\" \/>\n\t<meta name=\"twitter:label2\" content=\"Dur\u00e9e de lecture estim\u00e9e\" \/>\n\t<meta name=\"twitter:data2\" content=\"4 minutes\" \/>\n<!-- \/ Yoast SEO plugin. -->","yoast_head_json":{"title":"Le programme Action C\u0153ur de Ville expliqu\u00e9 (enjeux, villes \u00e9ligibles)","description":"Action C\u0153ur de Ville vise \u00e0 redynamiser le centre des villes moyennes et am\u00e9liorer les conditions de vie des habitants. Explications.","robots":{"index":"index","follow":"follow","max-snippet":"max-snippet:-1","max-image-preview":"max-image-preview:large","max-video-preview":"max-video-preview:-1"},"canonical":"https:\/\/www.cityandyou.com\/blog\/2022\/01\/19\/quest-ce-que-le-programme-action-coeur-de-ville","og_locale":"fr_FR","og_type":"article","og_title":"Le programme Action C\u0153ur de Ville expliqu\u00e9 (enjeux, villes \u00e9ligibles)","og_description":"Action C\u0153ur de Ville vise \u00e0 redynamiser le centre des villes moyennes et am\u00e9liorer les conditions de vie des habitants. Explications.","og_url":"https:\/\/www.cityandyou.com\/blog\/2022\/01\/19\/quest-ce-que-le-programme-action-coeur-de-ville","og_site_name":"City&amp;You - Guide de l&#039;immobilier","article_publisher":"https:\/\/www.facebook.com\/CityYou-621825118249875\/","article_published_time":"2022-01-19T13:33:58+00:00","article_modified_time":"2023-09-15T15:03:24+00:00","og_image":[{"width":1100,"height":1070,"url":"https:\/\/www.cityandyou.com\/blog\/wp-content\/uploads\/2022\/01\/Action-coeur-de-ville.jpg","type":"image\/jpeg"}],"author":"Vincent Tanguy","twitter_card":"summary_large_image","twitter_misc":{"\u00c9crit par":"Vincent Tanguy","Dur\u00e9e de lecture estim\u00e9e":"4 minutes"},"schema":{"@context":"https:\/\/schema.org","@graph":[{"@type":"Article","@id":"https:\/\/www.cityandyou.com\/blog\/2022\/01\/19\/quest-ce-que-le-programme-action-coeur-de-ville#article","isPartOf":{"@id":"https:\/\/www.cityandyou.com\/blog\/2022\/01\/19\/quest-ce-que-le-programme-action-coeur-de-ville"},"author":{"name":"Vincent Tanguy","@id":"https:\/\/www.cityandyou.com\/blog\/#\/schema\/person\/b1d3d435a4714014f7320ca6be60d823"},"headline":"Qu&rsquo;est-ce que le programme \u00ab Action C\u0153ur de Ville \u00bb ?","datePublished":"2022-01-19T13:33:58+00:00","dateModified":"2023-09-15T15:03:24+00:00","mainEntityOfPage":{"@id":"https:\/\/www.cityandyou.com\/blog\/2022\/01\/19\/quest-ce-que-le-programme-action-coeur-de-ville"},"wordCount":706,"commentCount":0,"publisher":{"@id":"https:\/\/www.cityandyou.com\/blog\/#organization"},"image":{"@id":"https:\/\/www.cityandyou.com\/blog\/2022\/01\/19\/quest-ce-que-le-programme-action-coeur-de-ville#primaryimage"},"thumbnailUrl":"https:\/\/www.cityandyou.com\/blog\/wp-content\/uploads\/2022\/01\/Action-coeur-de-ville.jpg","articleSection":["Immobilier"],"inLanguage":"fr-FR","potentialAction":[{"@type":"CommentAction","name":"Comment","target":["https:\/\/www.cityandyou.com\/blog\/2022\/01\/19\/quest-ce-que-le-programme-action-coeur-de-ville#respond"]}]},{"@type":"WebPage","@id":"https:\/\/www.cityandyou.com\/blog\/2022\/01\/19\/quest-ce-que-le-programme-action-coeur-de-ville","url":"https:\/\/www.cityandyou.com\/blog\/2022\/01\/19\/quest-ce-que-le-programme-action-coeur-de-ville","name":"Le programme Action C\u0153ur de Ville expliqu\u00e9 (enjeux, villes \u00e9ligibles)","isPartOf":{"@id":"https:\/\/www.cityandyou.com\/blog\/#website"},"primaryImageOfPage":{"@id":"https:\/\/www.cityandyou.com\/blog\/2022\/01\/19\/quest-ce-que-le-programme-action-coeur-de-ville#primaryimage"},"image":{"@id":"https:\/\/www.cityandyou.com\/blog\/2022\/01\/19\/quest-ce-que-le-programme-action-coeur-de-ville#primaryimage"},"thumbnailUrl":"https:\/\/www.cityandyou.com\/blog\/wp-content\/uploads\/2022\/01\/Action-coeur-de-ville.jpg","datePublished":"2022-01-19T13:33:58+00:00","dateModified":"2023-09-15T15:03:24+00:00","description":"Action C\u0153ur de Ville vise \u00e0 redynamiser le centre des villes moyennes et am\u00e9liorer les conditions de vie des habitants. Explications.","breadcrumb":{"@id":"https:\/\/www.cityandyou.com\/blog\/2022\/01\/19\/quest-ce-que-le-programme-action-coeur-de-ville#breadcrumb"},"inLanguage":"fr-FR","potentialAction":[{"@type":"ReadAction","target":["https:\/\/www.cityandyou.com\/blog\/2022\/01\/19\/quest-ce-que-le-programme-action-coeur-de-ville"]}]},{"@type":"ImageObject","inLanguage":"fr-FR","@id":"https:\/\/www.cityandyou.com\/blog\/2022\/01\/19\/quest-ce-que-le-programme-action-coeur-de-ville#primaryimage","url":"https:\/\/www.cityandyou.com\/blog\/wp-content\/uploads\/2022\/01\/Action-coeur-de-ville.jpg","contentUrl":"https:\/\/www.cityandyou.com\/blog\/wp-content\/uploads\/2022\/01\/Action-coeur-de-ville.jpg","width":1100,"height":1070,"caption":"C\u0153ur de ville promoteur"},{"@type":"BreadcrumbList","@id":"https:\/\/www.cityandyou.com\/blog\/2022\/01\/19\/quest-ce-que-le-programme-action-coeur-de-ville#breadcrumb","itemListElement":[{"@type":"ListItem","position":1,"name":"Accueil","item":"https:\/\/www.cityandyou.com\/blog"},{"@type":"ListItem","position":2,"name":"Qu&rsquo;est-ce que le programme \u00ab Action C\u0153ur de Ville \u00bb ?"}]},{"@type":"WebSite","@id":"https:\/\/www.cityandyou.com\/blog\/#website","url":"https:\/\/www.cityandyou.com\/blog\/","name":"City&amp;You - Guide de l&#039;immobilier","description":"Le Guide de l&#039;immobilier","publisher":{"@id":"https:\/\/www.cityandyou.com\/blog\/#organization"},"potentialAction":[{"@type":"SearchAction","target":{"@type":"EntryPoint","urlTemplate":"https:\/\/www.cityandyou.com\/blog\/?s={search_term_string}"},"query-input":{"@type":"PropertyValueSpecification","valueRequired":true,"valueName":"search_term_string"}}],"inLanguage":"fr-FR"},{"@type":"Organization","@id":"https:\/\/www.cityandyou.com\/blog\/#organization","name":"City&amp;You - Guide de l&#039;immobilier","url":"https:\/\/www.cityandyou.com\/blog\/","logo":{"@type":"ImageObject","inLanguage":"fr-FR","@id":"https:\/\/www.cityandyou.com\/blog\/#\/schema\/logo\/image\/","url":"https:\/\/www.cityandyou.com\/blog\/wp-content\/uploads\/2019\/02\/cropped-Illustration-92@3x.png","contentUrl":"https:\/\/www.cityandyou.com\/blog\/wp-content\/uploads\/2019\/02\/cropped-Illustration-92@3x.png","width":134,"height":100,"caption":"City&amp;You - Guide de l&#039;immobilier"},"image":{"@id":"https:\/\/www.cityandyou.com\/blog\/#\/schema\/logo\/image\/"},"sameAs":["https:\/\/www.facebook.com\/CityYou-621825118249875\/","https:\/\/www.linkedin.com\/company\/cityandyou\/about\/"]},{"@type":"Person","@id":"https:\/\/www.cityandyou.com\/blog\/#\/schema\/person\/b1d3d435a4714014f7320ca6be60d823","name":"Vincent Tanguy","image":{"@type":"ImageObject","inLanguage":"fr-FR","@id":"https:\/\/www.cityandyou.com\/blog\/#\/schema\/person\/image\/","url":"https:\/\/secure.gravatar.com\/avatar\/4af58edb3a7e536360a819155b0c5536ea8b70a6babff92913e04cbcfc3524c4?s=96&d=mm&r=g","contentUrl":"https:\/\/secure.gravatar.com\/avatar\/4af58edb3a7e536360a819155b0c5536ea8b70a6babff92913e04cbcfc3524c4?s=96&d=mm&r=g","caption":"Vincent Tanguy"},"url":"https:\/\/www.cityandyou.com\/blog\/author\/vincent-tanguy"}]}},"jetpack_featured_media_url":"https:\/\/www.cityandyou.com\/blog\/wp-content\/uploads\/2022\/01\/Action-coeur-de-ville.jpg","_links":{"self":[{"href":"https:\/\/www.cityandyou.com\/blog\/wp-json\/wp\/v2\/posts\/824","targetHints":{"allow":["GET"]}}],"collection":[{"href":"https:\/\/www.cityandyou.com\/blog\/wp-json\/wp\/v2\/posts"}],"about":[{"href":"https:\/\/www.cityandyou.com\/blog\/wp-json\/wp\/v2\/types\/post"}],"author":[{"embeddable":true,"href":"https:\/\/www.cityandyou.com\/blog\/wp-json\/wp\/v2\/users\/6"}],"replies":[{"embeddable":true,"href":"https:\/\/www.cityandyou.com\/blog\/wp-json\/wp\/v2\/comments?post=824"}],"version-history":[{"count":4,"href":"https:\/\/www.cityandyou.com\/blog\/wp-json\/wp\/v2\/posts\/824\/revisions"}],"predecessor-version":[{"id":1642,"href":"https:\/\/www.cityandyou.com\/blog\/wp-json\/wp\/v2\/posts\/824\/revisions\/1642"}],"wp:featuredmedia":[{"embeddable":true,"href":"https:\/\/www.cityandyou.com\/blog\/wp-json\/wp\/v2\/media\/839"}],"wp:attachment":[{"href":"https:\/\/www.cityandyou.com\/blog\/wp-json\/wp\/v2\/media?parent=824"}],"wp:term":[{"taxonomy":"category","embeddable":true,"href":"https:\/\/www.cityandyou.com\/blog\/wp-json\/wp\/v2\/categories?post=824"},{"taxonomy":"post_tag","embeddable":true,"href":"https:\/\/www.cityandyou.com\/blog\/wp-json\/wp\/v2\/tags?post=824"}],"curies":[{"name":"wp","href":"https:\/\/api.w.org\/{rel}","templated":true}]}}