{"id":924,"date":"2022-05-06T15:59:00","date_gmt":"2022-05-06T14:59:00","guid":{"rendered":"http:\/\/13.38.28.60\/?p=924"},"modified":"2022-12-16T12:47:11","modified_gmt":"2022-12-16T10:47:11","slug":"urgence-climatique-impact-promotion-immobiliere","status":"publish","type":"post","link":"https:\/\/www.cityandyou.com\/blog\/2022\/05\/06\/urgence-climatique-impact-promotion-immobiliere","title":{"rendered":"Urgence climatique : quel est l\u2019impact de la loi Climat et R\u00e9silience et des politiques environnementales sur la promotion immobili\u00e8re ?"},"content":{"rendered":"\n<p><em>Pensez-vous que l&rsquo;urgence climatique sonne fin de la promotion immobili\u00e8re? En effet \u00e0 la lecture des diff\u00e9rentes lois qui se succ\u00e8dent, on peut s&rsquo;interroger. <\/em><strong><em>Elles limitent l<\/em><\/strong><em><strong>a consommation de foncier, avec notamment une politique de lutte contre l\u2019\u00e9talement urbain<\/strong>. De plus, elles affichent de nouvelles ambitions en mati\u00e8re de consommation \u00e9nerg\u00e9tique des b\u00e2timents. Mais cela ne signifie pas la fin des projets de construction. Au contraire, une r\u00e9volution dans l\u2019approche est aujourd\u2019hui n\u00e9cessaire.<\/em><\/p>\n\n\n<div class=\"cta-wrapper\">\n    <a class=\"cta-custom\" href=\"\/simulation-projet\">Simulez votre projet<\/a>\n<\/div>\n\n\n\n<p><\/p>\n\n\n\n<h2 class=\"wp-block-heading\">La fin de l\u2019artificialisation des sols, un d\u00e9fi pour identifier les zones constructibles<\/h2>\n\n\n\n<p>Apr\u00e8s la loi Alur, la mise en place de la RE2020 et enfin la loi Climat et R\u00e9silience, les sollicitations pour que le secteur de la construction \u00e9volue sont nombreuses. Plusieurs grandes cons\u00e9quences sont donc \u00e0 attendre imm\u00e9diatement mais aussi \u00e0 moyen terme.<\/p>\n\n\n\n<p><strong>Commen\u00e7ons par le temps long, avec l\u2019objectif d\u2019atteindre z\u00e9ro artificialisation nette des sols d\u2019ici 2050.<\/strong> L\u2019 artificialisation des sols, c\u2019est le ph\u00e9nom\u00e8ne qui consiste \u00e0 construire des b\u00e2timents, des r\u00e9seaux de transports ou des am\u00e9nagements urbains sur de nouveaux terrains, contribuant \u00e0 augmenter l\u2019imperm\u00e9abilisation des sols. <strong>Il faut d\u00e9sormais freiner le d\u00e9veloppement de nouveaux b\u00e2tis, port\u00e9 notamment par l\u2019\u00e9talement urbain de nombreuses m\u00e9tropoles, pour prot\u00e9ger la biodiversit\u00e9. <\/strong>Si l\u2019objectif est de r\u00e9duire par deux le rythme d\u2019artificialisation imm\u00e9diatement,  c&rsquo;est 2050 qui marquera un coup d\u2019arr\u00eat. Les nouvelles constructions devront obligatoirement \u00eatre r\u00e9alis\u00e9es sur des terrains d\u00e9j\u00e0 b\u00e2tis ou \u00eatre \u00ab&nbsp;compens\u00e9es&nbsp;\u00bb par un retour \u00e0 de la terre v\u00e9g\u00e9tale sur une surface identique. On le comprend, cela signifie que la promotion immobili\u00e8re va devoir \u00e9voluer pour mieux identifier les espaces disponibles\u2026 et booster la r\u00e9novation et le r\u00e9am\u00e9nagement.&nbsp;<\/p>\n\n\n\n<h2 class=\"wp-block-heading\">Construire moins mais mieux<\/h2>\n\n\n\n<p>Autre cons\u00e9quence pour la construction et le logement, les lois successives visant \u00e0 r\u00e9duire le nombre de passoires thermiques. <strong>On d\u00e9signe sous cette appellation les logements dont la consommation d\u2019\u00e9nergie est sup\u00e9rieure \u00e0 330 kWh\/m\u00b2\/an. Des restrictions concernant la mise en location des biens qui ne respectent pas un certain niveau de performance \u00e9nerg\u00e9tique vont \u00eatre appliqu\u00e9es<\/strong>. Les logements tr\u00e8s mal isol\u00e9s qui ont obtenu une \u00e9tiquette \u00e9nergie F ou G \u00e0 leur diagnostic de performance \u00e9nerg\u00e9tique (DPE) seront consid\u00e9r\u00e9es comme impropres \u00e0 la location et ne pourront plus \u00eatre propos\u00e9s sur le march\u00e9 respectivement en 2028 et 2025 (2034 pour les logements class\u00e9s E).&nbsp;<\/p>\n\n\n\n<p><strong>Cela signifie que les projets de r\u00e9novation immobili\u00e8re port\u00e9s par les promoteurs doivent prendre en compte ces contraintes \u00e9nerg\u00e9tiques.<\/strong> Idem lors de la r\u00e9alisation d\u2019un nouveau b\u00e2timent. Il est indispensable d\u2019appliquer la r\u00e9glementation environnementale 2020. Celle-ci a pos\u00e9 un nouveau principe : celui de prendre en compte l\u2019ensemble des \u00e9missions du b\u00e2timent sur son cycle de vie (de la phase de construction \u00e0 la fin de vie en passant par la phase d\u2019exploitation). Les techniques de construction vont donc devoir se transformer avec des solutions \u00e9nerg\u00e9tiques nouvelles. Le b\u00e2timent \u00e0 \u00e9nergie positive va devenir une r\u00e9alit\u00e9.&nbsp;<\/p>\n\n\n\n<h2 class=\"wp-block-heading\">Les politiques locales et le dialogue avec les promoteurs immobiliers<\/h2>\n\n\n\n<p>Enfin, un autre volet est \u00e0 prendre en compte pour l\u2019\u00e9volution de la profession de la promotion immobili\u00e8re&nbsp;: les politiques locales et les enjeux territoriaux port\u00e9s par les acteurs de proximit\u00e9. <strong>Les <a href=\"http:\/\/13.38.28.60\/2022\/03\/17\/le-role-du-maire-en-matiere-durbanisme\">communes<\/a>, communaut\u00e9s de communes ou les <a href=\"http:\/\/13.38.28.60\/2022\/03\/17\/le-role-du-prefet-en-matiere-durbanisme\">d\u00e9partements<\/a> sont comp\u00e9tents sur de nombreux sujets relatifs \u00e0 l\u2019urbanisme. Tous ces acteurs sont amen\u00e9s \u00e0 prendre des d\u00e9cisions qui modifient de mani\u00e8re forte les diff\u00e9rents projets de promotion immobili\u00e8re<\/strong>. Au travers de la r\u00e9daction du plan local d\u2019urbanisme (PLU) mais pas seulement. C\u2019est aussi la vision politique des \u00e9lus qui, conjointement avec le cadre l\u00e9gal, peut rebattre les cartes.<\/p>\n\n\n\n<p>Par exemple \u00e0 Paris, les promoteurs qui d\u00e9rogent \u00e0 l&rsquo;obligation de parking (une place de stationnement pour 100 m\u00b2 de logements) sont de plus en plus nombreux. Une entorse au PLU, autoris\u00e9e par la loi Duflot\u2026 et coh\u00e9rente avec la politique propos\u00e9e de \u00ab&nbsp;chasse \u00e0 l\u2019automobile&nbsp;\u00bb. Plus que jamais donc, les promoteurs immobiliers doivent agir de concert avec les \u00e9lus locaux pour les accompagner et s\u2019inscrire dans le projet d\u2019urbanisme voulu.<\/p>\n\n\n\n<p><strong>Vous l&rsquo;aurez compris, pour vendre \u00e0 un promoteur, il est plus que n\u00e9cessaire de choisir le bon acteur. City&amp;You s\u00e9lectionne pour vous les professionnels les plus pertinents en fonction du projet et de sa localisation. Alors n&rsquo;h\u00e9sitez pas \u00e0 nous contacter !<\/strong><\/p>\n","protected":false},"excerpt":{"rendered":"<p>Pensez-vous que l&rsquo;urgence climatique sonne fin de la promotion immobili\u00e8re? En effet \u00e0 la lecture des diff\u00e9rentes lois qui se&#8230;<\/p>\n","protected":false},"author":6,"featured_media":925,"comment_status":"open","ping_status":"open","sticky":false,"template":"","format":"standard","meta":{"footnotes":""},"categories":[2],"tags":[],"class_list":["post-924","post","type-post","status-publish","format-standard","has-post-thumbnail","hentry","category-immobilier"],"yoast_head":"<!-- This site is optimized with the Yoast SEO plugin v26.5 - https:\/\/yoast.com\/wordpress\/plugins\/seo\/ -->\n<title>Urgence climatique : quel impact sur la promotion immobili\u00e8re ?<\/title>\n<meta name=\"description\" content=\"L&#039;urgence climatique a un impact concret sur la promotion immobili\u00e8re : lois Alur, Climat et R\u00e9silience...La consommation de foncier est r\u00e9gul\u00e9e, mais il n&#039;est pas impossible de vendre \u00e0 un promoteur immobilier. Explications avec City&amp;You.\" \/>\n<meta name=\"robots\" content=\"index, follow, max-snippet:-1, max-image-preview:large, max-video-preview:-1\" \/>\n<link rel=\"canonical\" href=\"https:\/\/www.cityandyou.com\/blog\/2022\/05\/06\/urgence-climatique-impact-promotion-immobiliere\" \/>\n<meta property=\"og:locale\" content=\"fr_FR\" \/>\n<meta property=\"og:type\" content=\"article\" \/>\n<meta property=\"og:title\" content=\"Urgence climatique : quel impact sur la promotion immobili\u00e8re ?\" \/>\n<meta property=\"og:description\" content=\"L&#039;urgence climatique a un impact concret sur la promotion immobili\u00e8re : lois Alur, Climat et R\u00e9silience...La consommation de foncier est r\u00e9gul\u00e9e, mais il n&#039;est pas impossible de vendre \u00e0 un promoteur immobilier. Explications avec City&amp;You.\" \/>\n<meta property=\"og:url\" content=\"https:\/\/www.cityandyou.com\/blog\/2022\/05\/06\/urgence-climatique-impact-promotion-immobiliere\" \/>\n<meta property=\"og:site_name\" content=\"City&amp;You - Guide de l&#039;immobilier\" \/>\n<meta property=\"article:publisher\" content=\"https:\/\/www.facebook.com\/CityYou-621825118249875\/\" \/>\n<meta property=\"article:published_time\" content=\"2022-05-06T14:59:00+00:00\" \/>\n<meta property=\"article:modified_time\" content=\"2022-12-16T10:47:11+00:00\" \/>\n<meta property=\"og:image\" content=\"https:\/\/www.cityandyou.com\/blog\/wp-content\/uploads\/2022\/04\/pollution-4796858_640.jpg\" \/>\n\t<meta property=\"og:image:width\" content=\"640\" \/>\n\t<meta property=\"og:image:height\" content=\"426\" \/>\n\t<meta property=\"og:image:type\" content=\"image\/jpeg\" \/>\n<meta name=\"author\" content=\"Vincent Tanguy\" \/>\n<meta name=\"twitter:card\" content=\"summary_large_image\" \/>\n<meta name=\"twitter:label1\" content=\"\u00c9crit par\" \/>\n\t<meta name=\"twitter:data1\" content=\"Vincent Tanguy\" \/>\n\t<meta name=\"twitter:label2\" content=\"Dur\u00e9e de lecture estim\u00e9e\" \/>\n\t<meta name=\"twitter:data2\" content=\"4 minutes\" \/>\n<!-- \/ Yoast SEO plugin. -->","yoast_head_json":{"title":"Urgence climatique : quel impact sur la promotion immobili\u00e8re ?","description":"L'urgence climatique a un impact concret sur la promotion immobili\u00e8re : lois Alur, Climat et R\u00e9silience...La consommation de foncier est r\u00e9gul\u00e9e, mais il n'est pas impossible de vendre \u00e0 un promoteur immobilier. Explications avec City&You.","robots":{"index":"index","follow":"follow","max-snippet":"max-snippet:-1","max-image-preview":"max-image-preview:large","max-video-preview":"max-video-preview:-1"},"canonical":"https:\/\/www.cityandyou.com\/blog\/2022\/05\/06\/urgence-climatique-impact-promotion-immobiliere","og_locale":"fr_FR","og_type":"article","og_title":"Urgence climatique : quel impact sur la promotion immobili\u00e8re ?","og_description":"L'urgence climatique a un impact concret sur la promotion immobili\u00e8re : lois Alur, Climat et R\u00e9silience...La consommation de foncier est r\u00e9gul\u00e9e, mais il n'est pas impossible de vendre \u00e0 un promoteur immobilier. Explications avec City&You.","og_url":"https:\/\/www.cityandyou.com\/blog\/2022\/05\/06\/urgence-climatique-impact-promotion-immobiliere","og_site_name":"City&amp;You - Guide de l&#039;immobilier","article_publisher":"https:\/\/www.facebook.com\/CityYou-621825118249875\/","article_published_time":"2022-05-06T14:59:00+00:00","article_modified_time":"2022-12-16T10:47:11+00:00","og_image":[{"width":640,"height":426,"url":"https:\/\/www.cityandyou.com\/blog\/wp-content\/uploads\/2022\/04\/pollution-4796858_640.jpg","type":"image\/jpeg"}],"author":"Vincent Tanguy","twitter_card":"summary_large_image","twitter_misc":{"\u00c9crit par":"Vincent Tanguy","Dur\u00e9e de lecture estim\u00e9e":"4 minutes"},"schema":{"@context":"https:\/\/schema.org","@graph":[{"@type":"Article","@id":"https:\/\/www.cityandyou.com\/blog\/2022\/05\/06\/urgence-climatique-impact-promotion-immobiliere#article","isPartOf":{"@id":"https:\/\/www.cityandyou.com\/blog\/2022\/05\/06\/urgence-climatique-impact-promotion-immobiliere"},"author":{"name":"Vincent Tanguy","@id":"https:\/\/www.cityandyou.com\/blog\/#\/schema\/person\/b1d3d435a4714014f7320ca6be60d823"},"headline":"Urgence climatique : quel est l\u2019impact de la loi Climat et R\u00e9silience et des politiques environnementales sur la promotion immobili\u00e8re ?","datePublished":"2022-05-06T14:59:00+00:00","dateModified":"2022-12-16T10:47:11+00:00","mainEntityOfPage":{"@id":"https:\/\/www.cityandyou.com\/blog\/2022\/05\/06\/urgence-climatique-impact-promotion-immobiliere"},"wordCount":811,"commentCount":0,"publisher":{"@id":"https:\/\/www.cityandyou.com\/blog\/#organization"},"image":{"@id":"https:\/\/www.cityandyou.com\/blog\/2022\/05\/06\/urgence-climatique-impact-promotion-immobiliere#primaryimage"},"thumbnailUrl":"https:\/\/www.cityandyou.com\/blog\/wp-content\/uploads\/2022\/04\/pollution-4796858_640.jpg","articleSection":["Immobilier"],"inLanguage":"fr-FR","potentialAction":[{"@type":"CommentAction","name":"Comment","target":["https:\/\/www.cityandyou.com\/blog\/2022\/05\/06\/urgence-climatique-impact-promotion-immobiliere#respond"]}]},{"@type":"WebPage","@id":"https:\/\/www.cityandyou.com\/blog\/2022\/05\/06\/urgence-climatique-impact-promotion-immobiliere","url":"https:\/\/www.cityandyou.com\/blog\/2022\/05\/06\/urgence-climatique-impact-promotion-immobiliere","name":"Urgence climatique : quel impact sur la promotion immobili\u00e8re ?","isPartOf":{"@id":"https:\/\/www.cityandyou.com\/blog\/#website"},"primaryImageOfPage":{"@id":"https:\/\/www.cityandyou.com\/blog\/2022\/05\/06\/urgence-climatique-impact-promotion-immobiliere#primaryimage"},"image":{"@id":"https:\/\/www.cityandyou.com\/blog\/2022\/05\/06\/urgence-climatique-impact-promotion-immobiliere#primaryimage"},"thumbnailUrl":"https:\/\/www.cityandyou.com\/blog\/wp-content\/uploads\/2022\/04\/pollution-4796858_640.jpg","datePublished":"2022-05-06T14:59:00+00:00","dateModified":"2022-12-16T10:47:11+00:00","description":"L'urgence climatique a un impact concret sur la promotion immobili\u00e8re : lois Alur, Climat et R\u00e9silience...La consommation de foncier est r\u00e9gul\u00e9e, mais il n'est pas impossible de vendre \u00e0 un promoteur immobilier. Explications avec City&You.","breadcrumb":{"@id":"https:\/\/www.cityandyou.com\/blog\/2022\/05\/06\/urgence-climatique-impact-promotion-immobiliere#breadcrumb"},"inLanguage":"fr-FR","potentialAction":[{"@type":"ReadAction","target":["https:\/\/www.cityandyou.com\/blog\/2022\/05\/06\/urgence-climatique-impact-promotion-immobiliere"]}]},{"@type":"ImageObject","inLanguage":"fr-FR","@id":"https:\/\/www.cityandyou.com\/blog\/2022\/05\/06\/urgence-climatique-impact-promotion-immobiliere#primaryimage","url":"https:\/\/www.cityandyou.com\/blog\/wp-content\/uploads\/2022\/04\/pollution-4796858_640.jpg","contentUrl":"https:\/\/www.cityandyou.com\/blog\/wp-content\/uploads\/2022\/04\/pollution-4796858_640.jpg","width":640,"height":426,"caption":"Pollution de l'environnement"},{"@type":"BreadcrumbList","@id":"https:\/\/www.cityandyou.com\/blog\/2022\/05\/06\/urgence-climatique-impact-promotion-immobiliere#breadcrumb","itemListElement":[{"@type":"ListItem","position":1,"name":"Accueil","item":"https:\/\/www.cityandyou.com\/blog"},{"@type":"ListItem","position":2,"name":"Urgence climatique : quel est l\u2019impact de la loi Climat et R\u00e9silience et des politiques environnementales sur la promotion immobili\u00e8re ?"}]},{"@type":"WebSite","@id":"https:\/\/www.cityandyou.com\/blog\/#website","url":"https:\/\/www.cityandyou.com\/blog\/","name":"City&amp;You - Guide de l&#039;immobilier","description":"Le Guide de l&#039;immobilier","publisher":{"@id":"https:\/\/www.cityandyou.com\/blog\/#organization"},"potentialAction":[{"@type":"SearchAction","target":{"@type":"EntryPoint","urlTemplate":"https:\/\/www.cityandyou.com\/blog\/?s={search_term_string}"},"query-input":{"@type":"PropertyValueSpecification","valueRequired":true,"valueName":"search_term_string"}}],"inLanguage":"fr-FR"},{"@type":"Organization","@id":"https:\/\/www.cityandyou.com\/blog\/#organization","name":"City&amp;You - Guide de l&#039;immobilier","url":"https:\/\/www.cityandyou.com\/blog\/","logo":{"@type":"ImageObject","inLanguage":"fr-FR","@id":"https:\/\/www.cityandyou.com\/blog\/#\/schema\/logo\/image\/","url":"https:\/\/www.cityandyou.com\/blog\/wp-content\/uploads\/2019\/02\/cropped-Illustration-92@3x.png","contentUrl":"https:\/\/www.cityandyou.com\/blog\/wp-content\/uploads\/2019\/02\/cropped-Illustration-92@3x.png","width":134,"height":100,"caption":"City&amp;You - Guide de l&#039;immobilier"},"image":{"@id":"https:\/\/www.cityandyou.com\/blog\/#\/schema\/logo\/image\/"},"sameAs":["https:\/\/www.facebook.com\/CityYou-621825118249875\/","https:\/\/www.linkedin.com\/company\/cityandyou\/about\/"]},{"@type":"Person","@id":"https:\/\/www.cityandyou.com\/blog\/#\/schema\/person\/b1d3d435a4714014f7320ca6be60d823","name":"Vincent Tanguy","image":{"@type":"ImageObject","inLanguage":"fr-FR","@id":"https:\/\/www.cityandyou.com\/blog\/#\/schema\/person\/image\/","url":"https:\/\/secure.gravatar.com\/avatar\/4af58edb3a7e536360a819155b0c5536ea8b70a6babff92913e04cbcfc3524c4?s=96&d=mm&r=g","contentUrl":"https:\/\/secure.gravatar.com\/avatar\/4af58edb3a7e536360a819155b0c5536ea8b70a6babff92913e04cbcfc3524c4?s=96&d=mm&r=g","caption":"Vincent Tanguy"},"url":"https:\/\/www.cityandyou.com\/blog\/author\/vincent-tanguy"}]}},"jetpack_featured_media_url":"https:\/\/www.cityandyou.com\/blog\/wp-content\/uploads\/2022\/04\/pollution-4796858_640.jpg","_links":{"self":[{"href":"https:\/\/www.cityandyou.com\/blog\/wp-json\/wp\/v2\/posts\/924","targetHints":{"allow":["GET"]}}],"collection":[{"href":"https:\/\/www.cityandyou.com\/blog\/wp-json\/wp\/v2\/posts"}],"about":[{"href":"https:\/\/www.cityandyou.com\/blog\/wp-json\/wp\/v2\/types\/post"}],"author":[{"embeddable":true,"href":"https:\/\/www.cityandyou.com\/blog\/wp-json\/wp\/v2\/users\/6"}],"replies":[{"embeddable":true,"href":"https:\/\/www.cityandyou.com\/blog\/wp-json\/wp\/v2\/comments?post=924"}],"version-history":[{"count":5,"href":"https:\/\/www.cityandyou.com\/blog\/wp-json\/wp\/v2\/posts\/924\/revisions"}],"predecessor-version":[{"id":1468,"href":"https:\/\/www.cityandyou.com\/blog\/wp-json\/wp\/v2\/posts\/924\/revisions\/1468"}],"wp:featuredmedia":[{"embeddable":true,"href":"https:\/\/www.cityandyou.com\/blog\/wp-json\/wp\/v2\/media\/925"}],"wp:attachment":[{"href":"https:\/\/www.cityandyou.com\/blog\/wp-json\/wp\/v2\/media?parent=924"}],"wp:term":[{"taxonomy":"category","embeddable":true,"href":"https:\/\/www.cityandyou.com\/blog\/wp-json\/wp\/v2\/categories?post=924"},{"taxonomy":"post_tag","embeddable":true,"href":"https:\/\/www.cityandyou.com\/blog\/wp-json\/wp\/v2\/tags?post=924"}],"curies":[{"name":"wp","href":"https:\/\/api.w.org\/{rel}","templated":true}]}}